{"id":3465,"date":"2020-08-28T12:17:53","date_gmt":"2020-08-28T12:17:53","guid":{"rendered":"https:\/\/miconwy.cymru\/newyddion\/lockdown-rock-ar-ras\/"},"modified":"2022-09-27T12:38:31","modified_gmt":"2022-09-27T12:38:31","slug":"lockdown-rock-ar-ras","status":"publish","type":"post","link":"https:\/\/miconwy.cymru\/en\/lockdown-rock-ar-ras\/","title":{"rendered":"Lockdown Rock ar Ras"},"content":{"rendered":"<p><strong>Listen to the brand new song by a young band from Dyffryn Conwy that was recorded during the lockdown from four different houses in Dyffryn Conwy all the way to Cardiff!<\/strong><\/p>\n<p><iframe loading=\"lazy\" title=\"Lockdown Rock ar Ras\" width=\"1080\" height=\"608\" src=\"https:\/\/www.youtube.com\/embed\/Sbhz0NFFjVc?feature=oembed\"  allow=\"accelerometer; autoplay; clipboard-write; encrypted-media; gyroscope; picture-in-picture\" allowfullscreen><\/iframe><\/p>\n<p>The crew, who are between 13 and 15 years of age, were meeting up weekly to jam at the beginning of the year, but unfortunately this had to come to an end with lockdown restrictions in March. Luckily, modern technology and the magical gift of Zoom meant that they could continue to meet up virtually under the leadership of Ll\u0177r Parri, one of our Bocs\u0175n tutors in Conwy. The end result of this was their new song &#8211; Lockdown Rock ar Ras.<\/p>\n<p>As you might guess from the song title, they were inspired to write the lyrics about their experience of playing as a band via Zoom. They talk about the fact that Noa\u2019s late, that Owain\u2019s on mute, and that Brenig has a very mischievous cat that likes to play with the computer wires!<\/p>\n<p>The process of recording a song from four different households was quite a challenge, especially as they were used to playing together before lockdown. It was a process of listening to each other\u2019s ideas, and further developing this into a song. Everybody went on to record their individual parts separately, and Ll\u0177r successfully merged it all together into an united song. It\u2019s a perfect memorabilia of the lockdown period for the crew.<\/p>\n<p>We at Menter Iaith Conwy are especially grateful to the Arts Council of Wales for their funding so we are able to provide the Bocs\u0175n project in Conwy. We would also like to thank Ll\u0177r for all his hard work with the crew. This is only a small part of the Bocs\u0175n project and we are really looking forward to be able to continue with other aspects of the project when it is safe to do so.<\/p>\n<p>If you\u2019re interested in music, keep an eye out on our social media and website for further developments to the Bocs\u0175n project in Conwy. To find out more please contact us on <a href=\"mailto:siwan@miconwy.cymru\">siwan@miconwy.cymru<\/a>.<\/p>\n","protected":false},"excerpt":{"rendered":"<p>Listen to the brand new song by a young band from Dyffryn Conwy that was recorded during the lockdown from four different houses in Dyffryn Conwy all the way to Cardiff! The crew, who are between 13 and 15 years of age, were meeting up weekly to jam at the beginning of the year, but [&hellip;]<\/p>\n","protected":false},"author":34,"featured_media":3536,"comment_status":"open","ping_status":"open","sticky":false,"template":"","format":"standard","meta":{"_et_pb_use_builder":"","_et_pb_old_content":"","_et_gb_content_width":""},"categories":[466],"tags":[484,485,483,486,487,482,488,480,489,479,481],"acf":[],"yoast_head":"<!-- This site is optimized with the Yoast SEO plugin v19.11 - https:\/\/yoast.com\/wordpress\/plugins\/seo\/ -->\n<title>Lockdown Rock ar Ras - Menter Iaith Conwy<\/title>\n<meta name=\"robots\" content=\"index, follow, max-snippet:-1, max-image-preview:large, max-video-preview:-1\" \/>\n<link rel=\"canonical\" href=\"https:\/\/miconwy.cymru\/en\/lockdown-rock-ar-ras\/\" \/>\n<meta property=\"og:locale\" content=\"en_GB\" \/>\n<meta property=\"og:type\" content=\"article\" \/>\n<meta property=\"og:title\" content=\"Lockdown Rock ar Ras - Menter Iaith Conwy\" \/>\n<meta property=\"og:description\" content=\"Listen to the brand new song by a young band from Dyffryn Conwy that was recorded during the lockdown from four different houses in Dyffryn Conwy all the way to Cardiff! The crew, who are between 13 and 15 years of age, were meeting up weekly to jam at the beginning of the year, but [&hellip;]\" \/>\n<meta property=\"og:url\" content=\"https:\/\/miconwy.cymru\/en\/lockdown-rock-ar-ras\/\" \/>\n<meta property=\"og:site_name\" content=\"Menter Iaith Conwy\" \/>\n<meta property=\"article:publisher\" content=\"https:\/\/www.facebook.com\/MIConwy\/\" \/>\n<meta property=\"article:published_time\" content=\"2020-08-28T12:17:53+00:00\" \/>\n<meta property=\"article:modified_time\" content=\"2022-09-27T12:38:31+00:00\" \/>\n<meta property=\"og:image\" content=\"https:\/\/miconwy.cymru\/wp-content\/uploads\/2017\/11\/Logo-Porffor.jpg\" \/>\n\t<meta property=\"og:image:width\" content=\"748\" \/>\n\t<meta property=\"og:image:height\" content=\"719\" \/>\n\t<meta property=\"og:image:type\" content=\"image\/jpeg\" \/>\n<meta name=\"author\" content=\"Menter Iaith Conwy\" \/>\n<meta name=\"twitter:card\" content=\"summary_large_image\" \/>\n<meta name=\"twitter:creator\" content=\"@miconwy\" \/>\n<meta name=\"twitter:site\" content=\"@miconwy\" \/>\n<meta name=\"twitter:label1\" content=\"Written by\" \/>\n\t<meta name=\"twitter:data1\" content=\"Menter Iaith Conwy\" \/>\n\t<meta name=\"twitter:label2\" content=\"Estimated reading time\" \/>\n\t<meta name=\"twitter:data2\" content=\"2 minutes\" \/>\n<script type=\"application\/ld+json\" class=\"yoast-schema-graph\">{\"@context\":\"https:\/\/schema.org\",\"@graph\":[{\"@type\":\"Article\",\"@id\":\"https:\/\/miconwy.cymru\/en\/lockdown-rock-ar-ras\/#article\",\"isPartOf\":{\"@id\":\"https:\/\/miconwy.cymru\/en\/lockdown-rock-ar-ras\/\"},\"author\":{\"name\":\"Menter Iaith Conwy\",\"@id\":\"https:\/\/miconwy.cymru\/#\/schema\/person\/779edcd985252da0096f936d0607c516\"},\"headline\":\"Lockdown Rock ar Ras\",\"datePublished\":\"2020-08-28T12:17:53+00:00\",\"dateModified\":\"2022-09-27T12:38:31+00:00\",\"mainEntityOfPage\":{\"@id\":\"https:\/\/miconwy.cymru\/en\/lockdown-rock-ar-ras\/\"},\"wordCount\":374,\"commentCount\":0,\"publisher\":{\"@id\":\"https:\/\/miconwy.cymru\/#organization\"},\"keywords\":[\"band\",\"band ifannc\",\"bocswn\",\"can cymraeg\",\"can gymraeg\",\"cerddoriaeth\",\"cerddoriaeth gymraeg\",\"conwy\",\"cyngor celfyddydau cymru\",\"Menter Iaith Conwy\",\"ysgol dyffryn conwy\"],\"articleSection\":[\"News\"],\"inLanguage\":\"en-GB\",\"potentialAction\":[{\"@type\":\"CommentAction\",\"name\":\"Comment\",\"target\":[\"https:\/\/miconwy.cymru\/en\/lockdown-rock-ar-ras\/#respond\"]}]},{\"@type\":\"WebPage\",\"@id\":\"https:\/\/miconwy.cymru\/en\/lockdown-rock-ar-ras\/\",\"url\":\"https:\/\/miconwy.cymru\/en\/lockdown-rock-ar-ras\/\",\"name\":\"Lockdown Rock ar Ras - Menter Iaith Conwy\",\"isPartOf\":{\"@id\":\"https:\/\/miconwy.cymru\/#website\"},\"datePublished\":\"2020-08-28T12:17:53+00:00\",\"dateModified\":\"2022-09-27T12:38:31+00:00\",\"breadcrumb\":{\"@id\":\"https:\/\/miconwy.cymru\/en\/lockdown-rock-ar-ras\/#breadcrumb\"},\"inLanguage\":\"en-GB\",\"potentialAction\":[{\"@type\":\"ReadAction\",\"target\":[\"https:\/\/miconwy.cymru\/en\/lockdown-rock-ar-ras\/\"]}]},{\"@type\":\"BreadcrumbList\",\"@id\":\"https:\/\/miconwy.cymru\/en\/lockdown-rock-ar-ras\/#breadcrumb\",\"itemListElement\":[{\"@type\":\"ListItem\",\"position\":1,\"name\":\"Home\",\"item\":\"https:\/\/miconwy.cymru\/en\/\"},{\"@type\":\"ListItem\",\"position\":2,\"name\":\"Lockdown Rock ar Ras\"}]},{\"@type\":\"WebSite\",\"@id\":\"https:\/\/miconwy.cymru\/#website\",\"url\":\"https:\/\/miconwy.cymru\/\",\"name\":\"Menter Iaith Conwy\",\"description\":\"Cefnogi | Darparu | Hyrwyddo\",\"publisher\":{\"@id\":\"https:\/\/miconwy.cymru\/#organization\"},\"potentialAction\":[{\"@type\":\"SearchAction\",\"target\":{\"@type\":\"EntryPoint\",\"urlTemplate\":\"https:\/\/miconwy.cymru\/?s={search_term_string}\"},\"query-input\":\"required name=search_term_string\"}],\"inLanguage\":\"en-GB\"},{\"@type\":\"Organization\",\"@id\":\"https:\/\/miconwy.cymru\/#organization\",\"name\":\"Menter Iaith Conwy\",\"url\":\"https:\/\/miconwy.cymru\/\",\"logo\":{\"@type\":\"ImageObject\",\"inLanguage\":\"en-GB\",\"@id\":\"https:\/\/miconwy.cymru\/#\/schema\/logo\/image\/\",\"url\":\"https:\/\/miconwy.cymru\/wp-content\/uploads\/2018\/05\/cropped-Logo-Piws.jpg\",\"contentUrl\":\"https:\/\/miconwy.cymru\/wp-content\/uploads\/2018\/05\/cropped-Logo-Piws.jpg\",\"width\":512,\"height\":512,\"caption\":\"Menter Iaith Conwy\"},\"image\":{\"@id\":\"https:\/\/miconwy.cymru\/#\/schema\/logo\/image\/\"},\"sameAs\":[\"https:\/\/www.instagram.com\/miconwy1\/\",\"https:\/\/www.facebook.com\/MIConwy\/\",\"https:\/\/twitter.com\/miconwy\"]},{\"@type\":\"Person\",\"@id\":\"https:\/\/miconwy.cymru\/#\/schema\/person\/779edcd985252da0096f936d0607c516\",\"name\":\"Menter Iaith Conwy\",\"image\":{\"@type\":\"ImageObject\",\"inLanguage\":\"en-GB\",\"@id\":\"https:\/\/miconwy.cymru\/#\/schema\/person\/image\/\",\"url\":\"https:\/\/secure.gravatar.com\/avatar\/bc1d21068fb61dd46c469202d7defe1c?s=96&d=mm&r=g\",\"contentUrl\":\"https:\/\/secure.gravatar.com\/avatar\/bc1d21068fb61dd46c469202d7defe1c?s=96&d=mm&r=g\",\"caption\":\"Menter Iaith Conwy\"},\"url\":\"https:\/\/miconwy.cymru\/en\/author\/menter-iaith-conwy\/\"}]}<\/script>\n<!-- \/ Yoast SEO plugin. -->","yoast_head_json":{"title":"Lockdown Rock ar Ras - Menter Iaith Conwy","robots":{"index":"index","follow":"follow","max-snippet":"max-snippet:-1","max-image-preview":"max-image-preview:large","max-video-preview":"max-video-preview:-1"},"canonical":"https:\/\/miconwy.cymru\/en\/lockdown-rock-ar-ras\/","og_locale":"en_GB","og_type":"article","og_title":"Lockdown Rock ar Ras - Menter Iaith Conwy","og_description":"Listen to the brand new song by a young band from Dyffryn Conwy that was recorded during the lockdown from four different houses in Dyffryn Conwy all the way to Cardiff! The crew, who are between 13 and 15 years of age, were meeting up weekly to jam at the beginning of the year, but [&hellip;]","og_url":"https:\/\/miconwy.cymru\/en\/lockdown-rock-ar-ras\/","og_site_name":"Menter Iaith Conwy","article_publisher":"https:\/\/www.facebook.com\/MIConwy\/","article_published_time":"2020-08-28T12:17:53+00:00","article_modified_time":"2022-09-27T12:38:31+00:00","og_image":[{"width":748,"height":719,"url":"https:\/\/miconwy.cymru\/wp-content\/uploads\/2017\/11\/Logo-Porffor.jpg","type":"image\/jpeg"}],"author":"Menter Iaith Conwy","twitter_card":"summary_large_image","twitter_creator":"@miconwy","twitter_site":"@miconwy","twitter_misc":{"Written by":"Menter Iaith Conwy","Estimated reading time":"2 minutes"},"schema":{"@context":"https:\/\/schema.org","@graph":[{"@type":"Article","@id":"https:\/\/miconwy.cymru\/en\/lockdown-rock-ar-ras\/#article","isPartOf":{"@id":"https:\/\/miconwy.cymru\/en\/lockdown-rock-ar-ras\/"},"author":{"name":"Menter Iaith Conwy","@id":"https:\/\/miconwy.cymru\/#\/schema\/person\/779edcd985252da0096f936d0607c516"},"headline":"Lockdown Rock ar Ras","datePublished":"2020-08-28T12:17:53+00:00","dateModified":"2022-09-27T12:38:31+00:00","mainEntityOfPage":{"@id":"https:\/\/miconwy.cymru\/en\/lockdown-rock-ar-ras\/"},"wordCount":374,"commentCount":0,"publisher":{"@id":"https:\/\/miconwy.cymru\/#organization"},"keywords":["band","band ifannc","bocswn","can cymraeg","can gymraeg","cerddoriaeth","cerddoriaeth gymraeg","conwy","cyngor celfyddydau cymru","Menter Iaith Conwy","ysgol dyffryn conwy"],"articleSection":["News"],"inLanguage":"en-GB","potentialAction":[{"@type":"CommentAction","name":"Comment","target":["https:\/\/miconwy.cymru\/en\/lockdown-rock-ar-ras\/#respond"]}]},{"@type":"WebPage","@id":"https:\/\/miconwy.cymru\/en\/lockdown-rock-ar-ras\/","url":"https:\/\/miconwy.cymru\/en\/lockdown-rock-ar-ras\/","name":"Lockdown Rock ar Ras - Menter Iaith Conwy","isPartOf":{"@id":"https:\/\/miconwy.cymru\/#website"},"datePublished":"2020-08-28T12:17:53+00:00","dateModified":"2022-09-27T12:38:31+00:00","breadcrumb":{"@id":"https:\/\/miconwy.cymru\/en\/lockdown-rock-ar-ras\/#breadcrumb"},"inLanguage":"en-GB","potentialAction":[{"@type":"ReadAction","target":["https:\/\/miconwy.cymru\/en\/lockdown-rock-ar-ras\/"]}]},{"@type":"BreadcrumbList","@id":"https:\/\/miconwy.cymru\/en\/lockdown-rock-ar-ras\/#breadcrumb","itemListElement":[{"@type":"ListItem","position":1,"name":"Home","item":"https:\/\/miconwy.cymru\/en\/"},{"@type":"ListItem","position":2,"name":"Lockdown Rock ar Ras"}]},{"@type":"WebSite","@id":"https:\/\/miconwy.cymru\/#website","url":"https:\/\/miconwy.cymru\/","name":"Menter Iaith Conwy","description":"Cefnogi | Darparu | Hyrwyddo","publisher":{"@id":"https:\/\/miconwy.cymru\/#organization"},"potentialAction":[{"@type":"SearchAction","target":{"@type":"EntryPoint","urlTemplate":"https:\/\/miconwy.cymru\/?s={search_term_string}"},"query-input":"required name=search_term_string"}],"inLanguage":"en-GB"},{"@type":"Organization","@id":"https:\/\/miconwy.cymru\/#organization","name":"Menter Iaith Conwy","url":"https:\/\/miconwy.cymru\/","logo":{"@type":"ImageObject","inLanguage":"en-GB","@id":"https:\/\/miconwy.cymru\/#\/schema\/logo\/image\/","url":"https:\/\/miconwy.cymru\/wp-content\/uploads\/2018\/05\/cropped-Logo-Piws.jpg","contentUrl":"https:\/\/miconwy.cymru\/wp-content\/uploads\/2018\/05\/cropped-Logo-Piws.jpg","width":512,"height":512,"caption":"Menter Iaith Conwy"},"image":{"@id":"https:\/\/miconwy.cymru\/#\/schema\/logo\/image\/"},"sameAs":["https:\/\/www.instagram.com\/miconwy1\/","https:\/\/www.facebook.com\/MIConwy\/","https:\/\/twitter.com\/miconwy"]},{"@type":"Person","@id":"https:\/\/miconwy.cymru\/#\/schema\/person\/779edcd985252da0096f936d0607c516","name":"Menter Iaith Conwy","image":{"@type":"ImageObject","inLanguage":"en-GB","@id":"https:\/\/miconwy.cymru\/#\/schema\/person\/image\/","url":"https:\/\/secure.gravatar.com\/avatar\/bc1d21068fb61dd46c469202d7defe1c?s=96&d=mm&r=g","contentUrl":"https:\/\/secure.gravatar.com\/avatar\/bc1d21068fb61dd46c469202d7defe1c?s=96&d=mm&r=g","caption":"Menter Iaith Conwy"},"url":"https:\/\/miconwy.cymru\/en\/author\/menter-iaith-conwy\/"}]}},"_links":{"self":[{"href":"https:\/\/miconwy.cymru\/en\/wp-json\/wp\/v2\/posts\/3465"}],"collection":[{"href":"https:\/\/miconwy.cymru\/en\/wp-json\/wp\/v2\/posts"}],"about":[{"href":"https:\/\/miconwy.cymru\/en\/wp-json\/wp\/v2\/types\/post"}],"author":[{"embeddable":true,"href":"https:\/\/miconwy.cymru\/en\/wp-json\/wp\/v2\/users\/34"}],"replies":[{"embeddable":true,"href":"https:\/\/miconwy.cymru\/en\/wp-json\/wp\/v2\/comments?post=3465"}],"version-history":[{"count":1,"href":"https:\/\/miconwy.cymru\/en\/wp-json\/wp\/v2\/posts\/3465\/revisions"}],"predecessor-version":[{"id":4052,"href":"https:\/\/miconwy.cymru\/en\/wp-json\/wp\/v2\/posts\/3465\/revisions\/4052"}],"wp:featuredmedia":[{"embeddable":true,"href":"https:\/\/miconwy.cymru\/en\/wp-json\/wp\/v2\/media\/3536"}],"wp:attachment":[{"href":"https:\/\/miconwy.cymru\/en\/wp-json\/wp\/v2\/media?parent=3465"}],"wp:term":[{"taxonomy":"category","embeddable":true,"href":"https:\/\/miconwy.cymru\/en\/wp-json\/wp\/v2\/categories?post=3465"},{"taxonomy":"post_tag","embeddable":true,"href":"https:\/\/miconwy.cymru\/en\/wp-json\/wp\/v2\/tags?post=3465"}],"curies":[{"name":"wp","href":"https:\/\/api.w.org\/{rel}","templated":true}]}}